[{"@context":"https:\/\/schema.org\/","@type":"Article","@id":"https:\/\/www.sekin.cz\/usporadejte-konferenci-treba-na-vysocine\/#Article","mainEntityOfPage":"https:\/\/www.sekin.cz\/usporadejte-konferenci-treba-na-vysocine\/","headline":"Uspo\u0159\u00e1dejte konferenci, t\u0159eba na Vyso\u010din\u011b","name":"Uspo\u0159\u00e1dejte konferenci, t\u0159eba na Vyso\u010din\u011b","description":"Padlo to na V\u00e1s? U\u017e jste natolik profesion\u00e1ln\u011b vyzr\u00e1li, \u017ee pov\u011b\u0159en\u00ed zprost\u0159edkovat, zajistit a zorganizovat konferenci, nap\u0159. pro logopedickou spole\u010dnost, nebo pro odborn\u00e9 l\u00e9ka\u0159e je nyn\u00ed Va\u0161\u00ed n\u00e1pln\u00ed pr\u00e1ce? Tak to se m\u00e1te co oh\u00e1n\u011bt! \u00b7 Kdo se bude konference \u00fa\u010dastnit? P\u0159edn\u00e1\u0161ej\u00edc\u00ed z \u010cech i ze zahrani\u010d\u00ed. A samoz\u0159ejm\u011b lid\u00e9 z oboru, aby se dozv\u011bd\u011bli [&hellip;]","datePublished":"2017-06-10","dateModified":"2023-05-25","author":{"@type":"Person","@id":"https:\/\/www.sekin.cz\/author\/devene\/#Person","name":"devene","url":"https:\/\/www.sekin.cz\/author\/devene\/","identifier":1,"image":{"@type":"ImageObject","@id":"https:\/\/secure.gravatar.com\/avatar\/d693d76da4b3c2905ed32515295d3c5b2b37600a891f276917d3d592948bcc60?s=96&d=mm&r=g","url":"https:\/\/secure.gravatar.com\/avatar\/d693d76da4b3c2905ed32515295d3c5b2b37600a891f276917d3d592948bcc60?s=96&d=mm&r=g","height":96,"width":96}},"publisher":{"@type":"Organization","name":"sekin.cz","logo":{"@type":"ImageObject","@id":"\/logo.png","url":"\/logo.png","width":600,"height":60}},"image":{"@type":"ImageObject","@id":"https:\/\/www.sekin.cz\/wp-content\/uploads\/img_a293326_w2036_t1505640060.jpg","url":"https:\/\/www.sekin.cz\/wp-content\/uploads\/img_a293326_w2036_t1505640060.jpg","height":0,"width":0},"url":"https:\/\/www.sekin.cz\/usporadejte-konferenci-treba-na-vysocine\/","about":["Spole\u010dnosti"],"wordCount":386,"articleBody":"Padlo to na V\u00e1s? U\u017e jste natolik profesion\u00e1ln\u011b vyzr\u00e1li, \u017ee pov\u011b\u0159en\u00ed zprost\u0159edkovat, zajistit a zorganizovat konferenci, nap\u0159. pro logopedickou spole\u010dnost, nebo pro odborn\u00e9 l\u00e9ka\u0159e je nyn\u00ed Va\u0161\u00ed n\u00e1pln\u00ed pr\u00e1ce? Tak to se m\u00e1te co oh\u00e1n\u011bt! \u00b7 Kdo se bude konference \u00fa\u010dastnit? P\u0159edn\u00e1\u0161ej\u00edc\u00ed z \u010cech i ze zahrani\u010d\u00ed. A samoz\u0159ejm\u011b lid\u00e9 z oboru, aby se dozv\u011bd\u011bli o novink\u00e1ch, kter\u00e9 mohou uv\u00e9st do praxe. \u00b7 A kolik jich bude? Kolem stovky? Dob\u0159e. \u00b7 A co je Va\u0161\u00edm prvo\u0159ad\u00fdm \u00fakolem? Kam v\u0161echny ty lidi shrom\u00e1\u017ed\u00edte. Ur\u010dit\u011b se Va\u0161e mozkov\u00e9 z\u00e1vity rozto\u010dily, abyste dostali n\u00e1pad, kam je v t\u00e9 Praze a v dan\u00e9m term\u00ednu um\u00edst\u00edte. V jak\u00e9m hotelu je ubytujete.Ale, pro\u010d zase v t\u00e9 Praze? Co\u017epak nem\u00e1me v \u010desk\u00e9 zemi jin\u00e1 m\u00edsta ke zhl\u00e9dnut\u00ed? Pro\u010d byste \u00fa\u010dastn\u00edky cpal do ruchu velkom\u011bsta? Nebylo by lep\u0161\u00ed um\u00edstit kon\u00e1n\u00ed konference do prost\u0159ed\u00ed, kter\u00e9 je obklopeno n\u00e1dhernou p\u0159\u00edrodou? Profesion\u00e1ln\u00ed p\u0159\u00edstup najdete p\u0159ece i v jin\u00fdch oblastech, ne\u017e jen v mati\u010dce Praze. Kdy\u017e si bude n\u011bkdo cht\u00edt proj\u00edt pam\u011btihodnosti na\u0161\u00ed stov\u011b\u017eat\u00e9 Prahy, rozhodn\u011b tak neu\u010din\u00ed po n\u00e1ro\u010dn\u00e9m soust\u0159ed\u011bn\u00ed na konferenci.Ud\u011blejte zm\u011bnu. Um\u00edst\u011bte kon\u00e1n\u00ed konference do m\u00edst, kter\u00e1 uklid\u0148uj\u00ed jen pohledem z okna. Hornat\u00e9, zalesn\u011bn\u00e9 plochy  p\u016fsob\u00ed skute\u010dn\u011b blahod\u00e1rn\u011b na lidsk\u00fd organismus! A \u00fa\u010dastn\u00edci konference klid a pohodu budou pot\u0159ebovat. Pro takov\u00e9 prost\u0159ed\u00ed nen\u00ed probl\u00e9mem nic. Hotelov\u00e9 komplexy jsou k takov\u00fdm \u00fa\u010del\u016fm p\u0159ipraveny. Interi\u00e9r spln\u00ed v\u0161echna Va\u0161e o\u010dek\u00e1v\u00e1n\u00ed \u00fapln\u011b stejn\u011b, jako v na\u0161em hlavn\u00edm m\u011bst\u011b. A jako bonus se V\u00e1m dostane \u00fa\u017easn\u00e1 krajina kolem. Toho se v Praze nedo\u010dk\u00e1te.Konferen\u010dn\u00ed s\u00e1ly budou uzp\u016fsobeny Va\u0161im po\u017eadavk\u016fm, v\u010detn\u011b technick\u00e9ho z\u00e1zem\u00ed. Nemus\u00edte se ob\u00e1vat, \u017ee n\u011bco pokaz\u00edte t\u00edm, kdy\u017e konferenci p\u0159esunete do t\u011bchto m\u00edst. Naopak. Budete sv\u00fdm \u0161\u00e9fem pochv\u00e1len za to, jak kreativn\u00ed jste.                                                                                                                                                                                                                                                                                                                                                                                        4.3\/5 - (3 votes)        "},{"@context":"https:\/\/schema.org\/","@type":"BreadcrumbList","itemListElement":[{"@type":"ListItem","position":1,"name":"Uspo\u0159\u00e1dejte konferenci, t\u0159eba na Vyso\u010din\u011b","item":"https:\/\/www.sekin.cz\/usporadejte-konferenci-treba-na-vysocine\/#breadcrumbitem"}]}]