[{"@context":"https:\/\/schema.org\/","@type":"Article","@id":"https:\/\/www.sekin.cz\/stan-pro-oslavy-a-rauty-je-mozne-si-pronajmout\/#Article","mainEntityOfPage":"https:\/\/www.sekin.cz\/stan-pro-oslavy-a-rauty-je-mozne-si-pronajmout\/","headline":"Stan pro oslavy a rauty je mo\u017en\u00e9 si pronajmout","name":"Stan pro oslavy a rauty je mo\u017en\u00e9 si pronajmout","description":"Neb\u00fdval\u00fd rozvoj \u0159emesel a nov\u00fdch technologi\u00ed za posledn\u00edch dvacet let vystoupal po exponenci\u00e1ln\u00ed k\u0159ivce a dnes si m\u016f\u017eeme dop\u0159\u00e1t i to, co b\u00fdvalo je\u0161t\u011b ned\u00e1vno v \u0159\u00ed\u0161i sn\u016f. Inovace se projevily i na r\u00fdsovac\u00edch prknech projektant\u016f, textiln\u00ed a stroj\u00edrensk\u00e1 v\u00fdroba se soust\u0159edily na nov\u00e9 trendy a po\u017eadavky a pochopiteln\u011b to zas\u00e1hlo i v\u00fdrobu p\u00e1rty stan\u016f [&hellip;]","datePublished":"2018-03-19","dateModified":"2023-05-25","author":{"@type":"Person","@id":"https:\/\/www.sekin.cz\/author\/devene\/#Person","name":"devene","url":"https:\/\/www.sekin.cz\/author\/devene\/","identifier":1,"image":{"@type":"ImageObject","@id":"https:\/\/secure.gravatar.com\/avatar\/d693d76da4b3c2905ed32515295d3c5b2b37600a891f276917d3d592948bcc60?s=96&d=mm&r=g","url":"https:\/\/secure.gravatar.com\/avatar\/d693d76da4b3c2905ed32515295d3c5b2b37600a891f276917d3d592948bcc60?s=96&d=mm&r=g","height":96,"width":96}},"publisher":{"@type":"Organization","name":"sekin.cz","logo":{"@type":"ImageObject","@id":"\/logo.png","url":"\/logo.png","width":600,"height":60}},"image":{"@type":"ImageObject","@id":"https:\/\/www.sekin.cz\/wp-content\/uploads\/img_a313327_w2354_t1523964549.jpg","url":"https:\/\/www.sekin.cz\/wp-content\/uploads\/img_a313327_w2354_t1523964549.jpg","height":0,"width":0},"url":"https:\/\/www.sekin.cz\/stan-pro-oslavy-a-rauty-je-mozne-si-pronajmout\/","about":["Spole\u010dnosti"],"wordCount":551,"articleBody":"Neb\u00fdval\u00fd rozvoj \u0159emesel a nov\u00fdch technologi\u00ed za posledn\u00edch dvacet let vystoupal po exponenci\u00e1ln\u00ed k\u0159ivce a dnes si m\u016f\u017eeme dop\u0159\u00e1t i to, co b\u00fdvalo je\u0161t\u011b ned\u00e1vno v \u0159\u00ed\u0161i sn\u016f. Inovace se projevily i na r\u00fdsovac\u00edch prknech projektant\u016f, textiln\u00ed a stroj\u00edrensk\u00e1 v\u00fdroba se soust\u0159edily na nov\u00e9 trendy a po\u017eadavky a pochopiteln\u011b to zas\u00e1hlo i v\u00fdrobu p\u00e1rty stan\u016f pro r\u016fzn\u00e9 zahradn\u00ed slavnosti.  Nevyr\u00e1b\u00ed se jen jeden jedin\u00fd druh, dnes nejste prakticky ni\u010d\u00edm limitov\u00e1ni. Velikost stanu a jeho typ pru\u017en\u011b p\u0159izp\u016fsob\u00edte po\u010dtu pozvan\u00fdch host\u016f. Po\u010d\u00edtejte pro jednu osobu zhruba jeden \u010dtvere\u010dn\u00ed metr prostoru pod p\u0159\u00edst\u0159e\u0161kem, v p\u0159\u00edpad\u011b kulat\u00fdch stol\u016f nebo centr\u00e1ln\u00ed \u010di rohov\u00e9 rautov\u00e9 tabule vym\u011b\u0159en\u00fd prostor zdvojn\u00e1sobte. N\u011bkter\u00e9 oslavy se neobejdou bez hudebn\u00ed produkce, kapela by tedy m\u011bla m\u00edt tak\u00e9 sv\u016fj vymezen\u00fd prostor, ostatn\u011b, nen\u00ed probl\u00e9m vytvo\u0159it si na pap\u00ed\u0159e nebo na po\u010d\u00edta\u010di schematick\u00fd n\u00e1\u010drt, se kter\u00fdm se obr\u00e1t\u00edte na sv\u00e9ho dodavatele. Pron\u00e1jmy stan\u016f se b\u011b\u017en\u011b p\u0159izp\u016fsobuj\u00ed klient\u016fm optimalizovan\u00fdm \u0159e\u0161en\u00edm na m\u00edru.  Z\u00e1kladn\u00ed typy stan\u016f m\u016f\u017eeme rozd\u011blit do n\u011bkolika kategori\u00ed Trubkov\u00e1 provizoria Tyto p\u0159\u00edst\u0159e\u0161ky se pou\u017e\u00edvaly kdysi d\u00e1vno a dnes jsou prakticky vytla\u010deny modern\u00edm bezpe\u010dn\u011bj\u0161\u00edm \u0159e\u0161en\u00edm. Trubkov\u00e1 konstrukce je opravdu jen provizorn\u00ed \u0159e\u0161en\u00ed a nelze ji nikomu doporu\u010dit. N\u016f\u017ekov\u00fd stan Z\u00e1klad v\u00fdrobku tvo\u0159\u00ed konstrukce z oceli nebo slitiny hlin\u00edku. Hlin\u00edkov\u00e9 nosn\u00edky jsou robustn\u00ed a z\u00e1rove\u0148 lehk\u00e9, zpravidla mezi klienty v\u00edt\u011bz\u00ed. Spojovac\u00ed sou\u010d\u00e1sti mohou b\u00fdt plastov\u00e9 nebo kovov\u00e9, pochopiteln\u011b, \u017ee odolnost a \u017eivotnost plastu nelze s kovem srovn\u00e1vat. D\u016fle\u017eit\u00fd je tak\u00e9 rozm\u011br pr\u016f\u0159ezu svisl\u00fdch nosn\u00edk\u016f (stojny). M\u011bl by p\u0159esahovat 45 mm, b\u011b\u017en\u00fd pr\u016f\u0159ez stojny je \u010dtvercov\u00fd, kvalitn\u011bj\u0161\u00ed a stabiln\u011bj\u0161\u00ed stany m\u00edvaj\u00ed pr\u016f\u0159ez svisl\u00fdch nosn\u00edk\u016f ve tvaru \u0161esti\u00faheln\u00edku. Nej\u010dast\u011bj\u0161\u00ed rozm\u011bry n\u016f\u017ekov\u00fdch stan\u016f jsou 4 x 8 metr\u016f, 4 x 6 metr\u016f, 3 x 6 metr\u016f, a 3 x 3 metry.  Velkoplo\u0161n\u00e1 konstrukce U t\u011bchto v\u00fdrobk\u016f se vyh\u00fdbejte konstrukc\u00edm z hobby market\u016f, sest\u00e1vaj\u00ed z mno\u017estv\u00ed levn\u00fdch spojovac\u00edch d\u00edl\u016f a trubek a lid\u00e9 se t\u00edm vystavuj\u00ed zbyte\u010dn\u00e9mu riziku rozpadu p\u0159\u00edst\u0159e\u0161ku za zhor\u0161en\u00fdch pov\u011btrnostn\u00edch podm\u00ednek. Osob\u00e1m uvnit\u0159 stanu dokonce hroz\u00ed nebezpe\u010d\u00ed v\u00e1\u017en\u00e9ho \u00farazu. V souvislosti s pron\u00e1jmem p\u00e1rty stan\u016f se nenechte ukol\u00e9bat nezodpov\u011bdnou agenturou a po\u017eadujte v\u00fdrobek na profesion\u00e1ln\u00ed \u00farovni. Ty tvo\u0159\u00ed jednotliv\u00e9 pracovn\u00ed moduly robustn\u00ed konstrukce, v\u011bt\u0161inou z ocelov\u00fdch nosn\u00edk\u016f, moduly se vz\u00e1jemn\u011b spojuj\u00ed do r\u016fzn\u00fdch tvar\u016f a rozm\u011br\u016f, nej\u010dast\u011bji obd\u00e9ln\u00edkov\u00e9ho tvaru. Ka\u017ed\u00fd profi v\u00fdrobek mus\u00ed tak\u00e9 proj\u00edt atestem a ten m\u00e1te pr\u00e1vo pochopiteln\u011b vid\u011bt. Naprosto z\u00e1sadn\u00ed je rovn\u011b\u017e dostate\u010dn\u011b bezpe\u010dn\u00e9 ukotven\u00ed konstrukce zpev\u0148uj\u00edc\u00edmi prvky, kotv\u00edc\u00edmi kol\u00edky a pomocn\u00fdm z\u00e1va\u017e\u00edm.                                                                                                                                                                                                                                                                                                                                                                                                 "},{"@context":"https:\/\/schema.org\/","@type":"BreadcrumbList","itemListElement":[{"@type":"ListItem","position":1,"name":"Stan pro oslavy a rauty je mo\u017en\u00e9 si pronajmout","item":"https:\/\/www.sekin.cz\/stan-pro-oslavy-a-rauty-je-mozne-si-pronajmout\/#breadcrumbitem"}]}]