[{"@context":"https:\/\/schema.org\/","@type":"Article","@id":"https:\/\/www.sekin.cz\/s-klimatizaci-vam-bude-lepe\/#Article","mainEntityOfPage":"https:\/\/www.sekin.cz\/s-klimatizaci-vam-bude-lepe\/","headline":"S klimatizac\u00ed v\u00e1m bude l\u00e9pe","name":"S klimatizac\u00ed v\u00e1m bude l\u00e9pe","description":"Hork\u00e9 letn\u00ed dny nemus\u00ed prosp\u00edvat ka\u017ed\u00e9mu, a to nav\u00edc tehdy, kdy\u017e \u010dlov\u011bk mus\u00ed tyto dny tr\u00e1vit v uzav\u0159en\u00e9 m\u00edstnosti bez dostate\u010dn\u00e9 ventilace. Pokud m\u00e1te p\u0159esn\u011b takov\u00e9 zku\u0161enosti, kter\u00e9 ji\u017e nechcete opakovat, m\u016f\u017eete se rozhodnout pro klimatizaci. Tato volba bude spo\u010d\u00edv\u00e1 v tom, \u017ee si do sv\u00e9 dom\u00e1cnosti, kancel\u00e1\u0159e nebo t\u0159eba provozovny sv\u00e9 firmy po\u0159\u00edd\u00edte za\u0159\u00edzen\u00ed, [&hellip;]","datePublished":"2017-08-02","dateModified":"2023-05-25","author":{"@type":"Person","@id":"https:\/\/www.sekin.cz\/author\/devene\/#Person","name":"devene","url":"https:\/\/www.sekin.cz\/author\/devene\/","identifier":1,"image":{"@type":"ImageObject","@id":"https:\/\/secure.gravatar.com\/avatar\/d693d76da4b3c2905ed32515295d3c5b2b37600a891f276917d3d592948bcc60?s=96&d=mm&r=g","url":"https:\/\/secure.gravatar.com\/avatar\/d693d76da4b3c2905ed32515295d3c5b2b37600a891f276917d3d592948bcc60?s=96&d=mm&r=g","height":96,"width":96}},"publisher":{"@type":"Organization","name":"sekin.cz","logo":{"@type":"ImageObject","@id":"\/logo.png","url":"\/logo.png","width":600,"height":60}},"image":{"@type":"ImageObject","@id":"https:\/\/www.sekin.cz\/wp-content\/uploads\/img_a296928_w2152_t1507713186.jpg","url":"https:\/\/www.sekin.cz\/wp-content\/uploads\/img_a296928_w2152_t1507713186.jpg","height":0,"width":0},"url":"https:\/\/www.sekin.cz\/s-klimatizaci-vam-bude-lepe\/","about":["N\u00e1kupy"],"wordCount":394,"articleBody":"Hork\u00e9 letn\u00ed dny nemus\u00ed prosp\u00edvat ka\u017ed\u00e9mu, a to nav\u00edc tehdy, kdy\u017e \u010dlov\u011bk mus\u00ed tyto dny tr\u00e1vit v uzav\u0159en\u00e9 m\u00edstnosti bez dostate\u010dn\u00e9 ventilace. Pokud m\u00e1te p\u0159esn\u011b takov\u00e9 zku\u0161enosti, kter\u00e9 ji\u017e nechcete opakovat, m\u016f\u017eete se rozhodnout pro klimatizaci. Tato volba bude spo\u010d\u00edv\u00e1 v tom, \u017ee si do sv\u00e9 dom\u00e1cnosti, kancel\u00e1\u0159e nebo t\u0159eba provozovny sv\u00e9 firmy po\u0159\u00edd\u00edte za\u0159\u00edzen\u00ed, kter\u00e9 v\u00e1m bude osv\u011b\u017eovat a ochlazovat vzduchu v m\u00edstnosti. Pro v\u00e1s to bude znamenat mo\u017enost u\u017e\u00edvat si p\u0159\u00edjemn\u00e9 teploty a tak\u00e9 kvality vzduchu, co\u017e je velmi d\u016fle\u017eit\u00e9. Pr\u00e1v\u011b teplota ovliv\u0148uje to, jakou m\u00e1te n\u00e1ladu a obecn\u011b v\u00fdkonnost. Proto byste nem\u011bli tuto z\u00e1le\u017eitost podce\u0148ovat, ale m\u011bli byste si vybrat to nejvhodn\u011bj\u0161\u00ed. Pro pot\u011b\u0161en\u00ed na t\u00e9 nejvy\u0161\u0161\u00ed \u00farovni Mo\u017en\u00e1 si \u0159\u00edk\u00e1te, \u017ee tohle za\u0159\u00edzen\u00ed je pouze v\u00fddobytek dne\u0161n\u00ed doby. To v\u0161ak rozhodn\u011b nen\u00ed pravda, nebo\u0165 n\u011bkter\u00e9 stavby jsou klimatizacemi Haier b\u011b\u017en\u011b osazov\u00e1ny. Z tohoto si m\u016f\u017eete vz\u00edt p\u0159\u00edklad a dop\u0159\u00e1t tak i sv\u00e9 dom\u00e1cnosti nebo obecn\u011b objektu za\u0159\u00edzen\u00ed, se kter\u00fdm v\u00e1m bude p\u0159\u00edjemn\u011b po v\u0161ech str\u00e1nk\u00e1ch. Proto se pod\u00edvejte, v \u010dem tkv\u00ed zaj\u00edmavost tohoto za\u0159\u00edzen\u00ed a ur\u010dit\u011b si nechejte i n\u011bjak\u00e9 speci\u00e1ln\u00ed za\u0159\u00edzen\u00ed navrhnout. Pro v\u00e1s to jist\u011b znamen\u00e1 vypln\u011bn\u00ed v\u0161ech sv\u00fdch po\u017eadavk\u016f a mo\u017enost u\u017e\u00edvat si ka\u017edou chv\u00edli v interi\u00e9ru, ve kter\u00e9m mus\u00edte tr\u00e1vit \u010das. Dom\u00e1cnost, kancel\u00e1\u0159 nebo firma Mo\u017enost\u00ed, kam a jak um\u00edstit klimatizaci, je opravdu mnoho. Nemus\u00edte se proto omezovat ani na za\u0159\u00edzen\u00ed, ani na zna\u010dku, ani na typ, zkr\u00e1tka na nic. Pro v\u00e1s by m\u011blo b\u00fdt d\u016fle\u017eit\u00e9 to, \u017ee si kone\u010dn\u011b dop\u0159ejete pohodl\u00ed, kter\u00e9 pot\u0159ebujete. Pro\u010d klimatizaci?  &#8211; Dok\u00e1\u017ee ochladit m\u00edstnost i o n\u011bkolik stup\u0148\u016f &#8211; Pokro\u010dil\u00e1 za\u0159\u00edzen\u00ed dok\u00e1\u017eou sledovat i kvalitu ovzdu\u0161\u00ed &#8211; Jedn\u00e1 se o mnohem efektivn\u011bj\u0161\u00ed technologii ne\u017e oby\u010dejn\u00e9 v\u011btr\u00e1ky &#8211; Bude v\u00e1m p\u0159\u00edjemn\u011b za ka\u017ed\u00e9 situace &#8211; Nejde o nikterak energeticky n\u00e1ro\u010dn\u00e1 za\u0159\u00edzen\u00ed                                                                                                                                                                                                                                                                                                                                                                                         4.5\/5 - (2 votes)        "},{"@context":"https:\/\/schema.org\/","@type":"BreadcrumbList","itemListElement":[{"@type":"ListItem","position":1,"name":"S klimatizac\u00ed v\u00e1m bude l\u00e9pe","item":"https:\/\/www.sekin.cz\/s-klimatizaci-vam-bude-lepe\/#breadcrumbitem"}]}]