[{"@context":"https:\/\/schema.org\/","@type":"Article","@id":"https:\/\/www.sekin.cz\/pro-sebe-i-jako-darek\/#Article","mainEntityOfPage":"https:\/\/www.sekin.cz\/pro-sebe-i-jako-darek\/","headline":"Pro sebe i jako d\u00e1rek","name":"Pro sebe i jako d\u00e1rek","description":"P\u0159em\u00fd\u0161l\u00edte o n\u011bjak\u00e9m origin\u00e1ln\u00edm d\u00e1rku pro bl\u00edzkou osobu? Skv\u011bl\u00fdm tipem m\u016f\u017ee b\u00fdt nap\u0159\u00edklad origin\u00e1ln\u00ed kus oble\u010den\u00ed, kter\u00fd bude m\u00edt v\u00e1mi zvolen\u00fd motiv. K tomuto doc\u00edl\u00edte pomoc\u00ed skv\u011bl\u00e9ho potisku tri\u010dek, kter\u00fd je tu pro v\u00e1s p\u0159ipraven\u00fd. Darujte neobvykl\u00fd d\u00e1rek anebo sami se py\u0161n\u011bte a chlubte opravdu kr\u00e1sn\u00fdm textilem, kter\u00fd bude p\u0159esn\u011b podle va\u0161eho gusta. Je to [&hellip;]","datePublished":"2024-11-16","dateModified":"2024-11-16","author":{"@type":"Person","@id":"https:\/\/www.sekin.cz\/author\/devene\/#Person","name":"devene","url":"https:\/\/www.sekin.cz\/author\/devene\/","identifier":1,"image":{"@type":"ImageObject","@id":"https:\/\/secure.gravatar.com\/avatar\/d693d76da4b3c2905ed32515295d3c5b2b37600a891f276917d3d592948bcc60?s=96&d=mm&r=g","url":"https:\/\/secure.gravatar.com\/avatar\/d693d76da4b3c2905ed32515295d3c5b2b37600a891f276917d3d592948bcc60?s=96&d=mm&r=g","height":96,"width":96}},"publisher":{"@type":"Organization","name":"sekin.cz","logo":{"@type":"ImageObject","@id":"\/logo.png","url":"\/logo.png","width":600,"height":60}},"url":"https:\/\/www.sekin.cz\/pro-sebe-i-jako-darek\/","wordCount":198,"articleBody":"P\u0159em\u00fd\u0161l\u00edte o n\u011bjak\u00e9m origin\u00e1ln\u00edm d\u00e1rku pro bl\u00edzkou osobu? Skv\u011bl\u00fdm tipem m\u016f\u017ee b\u00fdt nap\u0159\u00edklad origin\u00e1ln\u00ed kus oble\u010den\u00ed, kter\u00fd bude m\u00edt v\u00e1mi zvolen\u00fd motiv. K tomuto doc\u00edl\u00edte pomoc\u00ed skv\u011bl\u00e9ho potisku tri\u010dek, kter\u00fd je tu pro v\u00e1s p\u0159ipraven\u00fd. Darujte neobvykl\u00fd d\u00e1rek anebo sami se py\u0161n\u011bte a chlubte opravdu kr\u00e1sn\u00fdm textilem, kter\u00fd bude p\u0159esn\u011b podle va\u0161eho gusta. Je to tak jednoduch\u00e9 a dostupn\u00e9 pro v\u0161echny, tak pro\u010d to nevyu\u017e\u00edt?\tPo\u0161leme v\u00e1m v\u00fdsledekJe jen na v\u00e1s, co si vyberete pro va\u0161e oble\u010den\u00ed, jak\u00fd motiv zvol\u00edte. Sta\u010d\u00ed n\u00e1m pouze z\u00e1kladn\u00ed n\u00e1vrh poslat na email a my v\u00e1m velice rychle vypracujeme fin\u00e1ln\u00ed podobu, kterou si zajist\u00e9 ji\u017e na prvn\u00ed pohled zamilujeme. V\u00edme, jak na to, a pr\u00e1v\u011b proto v\u00e1m m\u016f\u017eeme nab\u00eddnout opravdu jen to nejlep\u0161\u00ed za skv\u011blou cenu. Vyu\u017eijte i vy t\u00e9to mo\u017enost a u\u017eijte si naprosto skv\u011bl\u00fd pocit, \u017ee va\u0161e oble\u010den\u00ed je origin\u00e1ln\u00ed.                                                                                                                                                                                                                                                                                                                                                                                                "},{"@context":"https:\/\/schema.org\/","@type":"BreadcrumbList","itemListElement":[{"@type":"ListItem","position":1,"name":"Pro sebe i jako d\u00e1rek","item":"https:\/\/www.sekin.cz\/pro-sebe-i-jako-darek\/#breadcrumbitem"}]}]