[{"@context":"https:\/\/schema.org\/","@type":"Article","@id":"https:\/\/www.sekin.cz\/oblecte-vase-deti-do-modni-znacky\/#Article","mainEntityOfPage":"https:\/\/www.sekin.cz\/oblecte-vase-deti-do-modni-znacky\/","headline":"Oble\u010dte va\u0161e d\u011bti do m\u00f3dn\u00ed zna\u010dky","name":"Oble\u010dte va\u0161e d\u011bti do m\u00f3dn\u00ed zna\u010dky","description":"Jako \u017eena jist\u011b velmi dob\u0159e zn\u00e1te ten pocit, kdy\u017e nem\u00e1te co na sebe. A co teprve pro va\u0161e potomky, kte\u0159\u00ed tak rychle rostou. I v tomto p\u0159\u00edpad\u011b b\u00fdv\u00e1 \u010dasto nedostatek dosta\u010duj\u00edc\u00edho oble\u010den\u00ed. Pokud sh\u00e1n\u00edte vhodn\u00e9 oble\u010den\u00ed pro va\u0161e holky a kluky, a\u0165 u\u017e do \u0161koly, na ven nebo na doma, pak si z na\u0161\u00ed nab\u00eddky [&hellip;]","datePublished":"2023-05-25","dateModified":"2023-05-25","author":{"@type":"Person","@id":"https:\/\/www.sekin.cz\/author\/devene\/#Person","name":"devene","url":"https:\/\/www.sekin.cz\/author\/devene\/","identifier":1,"image":{"@type":"ImageObject","@id":"https:\/\/secure.gravatar.com\/avatar\/d693d76da4b3c2905ed32515295d3c5b2b37600a891f276917d3d592948bcc60?s=96&d=mm&r=g","url":"https:\/\/secure.gravatar.com\/avatar\/d693d76da4b3c2905ed32515295d3c5b2b37600a891f276917d3d592948bcc60?s=96&d=mm&r=g","height":96,"width":96}},"publisher":{"@type":"Organization","name":"sekin.cz","logo":{"@type":"ImageObject","@id":"\/logo.png","url":"\/logo.png","width":600,"height":60}},"url":"https:\/\/www.sekin.cz\/oblecte-vase-deti-do-modni-znacky\/","wordCount":419,"articleBody":"Jako \u017eena jist\u011b velmi dob\u0159e zn\u00e1te ten pocit, kdy\u017e nem\u00e1te co na sebe. A co teprve pro va\u0161e potomky, kte\u0159\u00ed tak rychle rostou. I v tomto p\u0159\u00edpad\u011b b\u00fdv\u00e1 \u010dasto nedostatek dosta\u010duj\u00edc\u00edho oble\u010den\u00ed. Pokud sh\u00e1n\u00edte vhodn\u00e9 oble\u010den\u00ed pro va\u0161e holky a kluky, a\u0165 u\u017e do \u0161koly, na ven nebo na doma, pak si z na\u0161\u00ed nab\u00eddky velkoobchodu si z d\u011btsk\u00e9ho oble\u010den\u00ed wolf ur\u010dit\u011b vyberete nejen vy, ale tak\u00e9 va\u0161e ratolesti budou ur\u010dit\u011b spokojen\u00e9, proto\u017ee v\u00fdb\u011br je opravdu velice pestr\u00fd. Nab\u00edz\u00edme v\u00fdb\u011br r\u016fzn\u00fdch velikost\u00ed zna\u010dkov\u00fdch m\u00f3dn\u00edch kousk\u016f pro kluky i holky r\u016fzn\u00fdch v\u011bkov\u00fdch kategori\u00ed.Tri\u010dka, tepl\u00e1ky, mikiny, kalhoty, \u010depice, bundy, py\u017eama, prost\u011b v\u0161e, na co si jen vzpomenete a co by va\u0161e ratolesti mohly ve sv\u00e9m \u0161atn\u00edku postr\u00e1dat. Kvalitn\u00ed a zn\u00e1m\u00e1 zna\u010dka, pestr\u00e9 a st\u00e1l\u00e9 barvy a velk\u00fd v\u00fdb\u011br r\u016fzn\u00fdch motiv\u016f na v\u00e1s \u010dek\u00e1 p\u0159i va\u0161em nakupov\u00e1n\u00ed v t\u00e9to m\u00f3dn\u00ed zna\u010dce. A\u010d se to t\u0159eba nezd\u00e1, tak mal\u00ed caparti pot\u0159ebuj\u00ed opravdu hodn\u011b v\u011bc\u00ed na sebe. A\u0165 u\u017e to, co nos\u00ed doma nebo na ven, do \u0161kolky, do \u0161koly, p\u00e1r lep\u0161\u00edch kousk\u016f pro speci\u00e1ln\u00ed p\u0159\u00edle\u017eitosti, je toho opravdu spousta. A nav\u00edc v\u00e1m p\u0159ijde, \u017ee to nen\u00ed tak d\u00e1vno, co jste kupovali dal\u0161\u00ed velikost a u\u017e v\u00e1m zase vyrostli. S n\u00e1mi se v koloto\u010di nakupov\u00e1n\u00ed neztrat\u00edte, proto\u017ee u n\u00e1s v\u017edycky najdete to, co pr\u00e1v\u011b va\u0161e ratolesti pot\u0159ebuj\u00ed na sebe a\u0165 u\u017e do \u0161koly, sport, nebo na venkovn\u00ed aktivity. Va\u0161e mal\u00e9 princezny se tak mohou hezky par\u00e1dit, proto\u017ee z na\u0161\u00ed nab\u00eddky si vyberou i ty nejn\u00e1ro\u010dn\u011bj\u0161\u00ed par\u00e1dnice. A kluci, a\u010d to t\u0159eba necht\u011bj\u00ed p\u0159iznat, taky r\u00e1di chod\u00ed v n\u011b\u010dem p\u011bkn\u00e9m, zna\u010dkov\u00e9m a modern\u00edm, aby zapadli mezi svoje vrstevn\u00edky nebo aby se zal\u00edbili n\u011bkter\u00e9 kamar\u00e1dce nebo spolu\u017ea\u010dce. A v\u011b\u0159te, \u017ee kvalitn\u00ed zna\u010dkov\u00e9 oble\u010den\u00ed nemus\u00ed v\u017edycky st\u00e1t mnoho, sta\u010d\u00ed nahl\u00e9dnout do na\u0161\u00ed nab\u00eddky a uvid\u00edte, \u017ee i na takov\u00fdchto n\u00e1kupech se d\u00e1 nem\u00e1lo u\u0161et\u0159it.                                                                                                                                                                                                                                                                                                                                                                                        5\/5 - (6 votes)        "},{"@context":"https:\/\/schema.org\/","@type":"BreadcrumbList","itemListElement":[{"@type":"ListItem","position":1,"name":"Oble\u010dte va\u0161e d\u011bti do m\u00f3dn\u00ed zna\u010dky","item":"https:\/\/www.sekin.cz\/oblecte-vase-deti-do-modni-znacky\/#breadcrumbitem"}]}]