[{"@context":"https:\/\/schema.org\/","@type":"Article","@id":"https:\/\/www.sekin.cz\/myslete-prakticky\/#Article","mainEntityOfPage":"https:\/\/www.sekin.cz\/myslete-prakticky\/","headline":"Myslete prakticky","name":"Myslete prakticky","description":"Pokud se chcete v\u011bnovat jak\u00e9koliv \u010dinnosti, tak je jasn\u00e9, \u017ee se podle toho mus\u00edte tak\u00e9 obl\u00e9ci. Nejde to tedy ud\u011blat tak, \u017ee si na b\u011bh\u00e1n\u00ed vezmete zimn\u00ed bundu \u010di na n\u011bjak\u00e9 zemn\u00ed pr\u00e1ce p\u016fjdete v b\u011b\u017eeck\u00fdch bot\u00e1ch. Od\u011bv je nutn\u00e9 p\u0159izp\u016fsobovat za ka\u017ed\u00e9 situace tomu, co zrovna d\u011bl\u00e1me, proto\u017ee nejde jenom o na\u0161e pohodl\u00ed, ale [&hellip;]","datePublished":"2017-04-21","dateModified":"2023-05-25","author":{"@type":"Person","@id":"https:\/\/www.sekin.cz\/author\/devene\/#Person","name":"devene","url":"https:\/\/www.sekin.cz\/author\/devene\/","identifier":1,"image":{"@type":"ImageObject","@id":"https:\/\/secure.gravatar.com\/avatar\/d693d76da4b3c2905ed32515295d3c5b2b37600a891f276917d3d592948bcc60?s=96&d=mm&r=g","url":"https:\/\/secure.gravatar.com\/avatar\/d693d76da4b3c2905ed32515295d3c5b2b37600a891f276917d3d592948bcc60?s=96&d=mm&r=g","height":96,"width":96}},"publisher":{"@type":"Organization","name":"sekin.cz","logo":{"@type":"ImageObject","@id":"\/logo.png","url":"\/logo.png","width":600,"height":60}},"image":{"@type":"ImageObject","@id":"https:\/\/www.sekin.cz\/wp-content\/uploads\/img_a286538_w2076_t1496136624.jpg","url":"https:\/\/www.sekin.cz\/wp-content\/uploads\/img_a286538_w2076_t1496136624.jpg","height":0,"width":0},"url":"https:\/\/www.sekin.cz\/myslete-prakticky\/","about":["N\u00e1kupy"],"wordCount":362,"articleBody":"Pokud se chcete v\u011bnovat jak\u00e9koliv \u010dinnosti, tak je jasn\u00e9, \u017ee se podle toho mus\u00edte tak\u00e9 obl\u00e9ci. Nejde to tedy ud\u011blat tak, \u017ee si na b\u011bh\u00e1n\u00ed vezmete zimn\u00ed bundu \u010di na n\u011bjak\u00e9 zemn\u00ed pr\u00e1ce p\u016fjdete v b\u011b\u017eeck\u00fdch bot\u00e1ch. Od\u011bv je nutn\u00e9 p\u0159izp\u016fsobovat za ka\u017ed\u00e9 situace tomu, co zrovna d\u011bl\u00e1me, proto\u017ee nejde jenom o na\u0161e pohodl\u00ed, ale tak\u00e9 o bezpe\u010dnost. A\u0165 u\u017e se tedy v\u011bnujete \u010demukoliv, zajist\u00e9 byste vhodnou volbu oble\u010den\u00ed nem\u011bli podce\u0148ovat. To samoz\u0159ejm\u011b plat\u00ed tak\u00e9 pro zam\u011bstnavatele, kte\u0159\u00ed by m\u011bli pro svoje zam\u011bstnance vyb\u00edrat takov\u00e9 pracovn\u00ed od\u011bvy, kter\u00e9 budou vhodn\u00e9 pro \u010dinnost, kter\u00e9 se zrovna v\u011bnuj\u00ed.Z\u00e1le\u017e\u00ed nejen na pohodl\u00ed Je samoz\u0159ejm\u011b nutn\u00e9 v\u017edy zvolit takovou velikost, kter\u00e1 bude dan\u00e9mu jedinci sed\u011bt a ve kter\u00e9 se bude c\u00edtit dob\u0159e, nen\u00ed to ale jenom o tom, aby se \u010dlov\u011bk c\u00edtil pohodln\u011b. Mnoh\u00e9 oble\u010den\u00ed m\u00e1 vliv tak\u00e9 na vy\u0161\u0161\u00ed bezpe\u010dnost dan\u00e9ho jedince, nemluv\u011b o kvalitn\u00ed obuvi, kter\u00e1 \u010dlov\u011bka dok\u00e1\u017ee ochr\u00e1nit p\u0159ed mnoh\u00fdm. Volbu kvalitn\u00edho oble\u010den\u00ed pro danou \u010dinnost rozhodn\u011b nepodce\u0148ujte, a\u0165 u\u017e vyb\u00edr\u00e1te n\u011bco pro sebe, nebo t\u0159eba pro svoje zam\u011bstnance. Nab\u00eddka je skute\u010dn\u011b pestr\u00e1 Kdy\u017e u\u017e se d\u00e1te do v\u00fdb\u011bru, zajist\u00e9 p\u0159ijdete na to, \u017ee nab\u00eddka je opravdu pestr\u00e1, tak\u017ee v n\u00ed pravd\u011bpodobn\u011b najdete to, co zrovna hled\u00e1te. Sta\u010d\u00ed si ujasnit svoje po\u017eadavky a za\u010d\u00edt s hled\u00e1n\u00edm. V\u011b\u0159te tedy tomu, \u017ee byste v\u00fdb\u011br vhodn\u00e9ho oble\u010den\u00ed pro v\u00fdkon n\u011bjak\u00e9 \u010dinnosti zaru\u010den\u011b nem\u011bli podce\u0148ovat, proto\u017ee jinak byste se mohli dostat do nep\u0159\u00edjemnost\u00ed, o kter\u00e9 nikdo nestoj\u00ed. Bu\u010fte tedy dostate\u010dn\u011b pe\u010dliv\u00ed a myslete nejen na pohodl\u00ed, ale tak\u00e9 na bezpe\u010dnost jedinc\u016f, kte\u0159\u00ed budou vybran\u00e9 oble\u010den\u00ed nosit. Zaru\u010den\u011b t\u00edm jen tak n\u011bco nepokaz\u00edte, co\u017e je p\u0159eci jenom velice d\u016fle\u017eit\u00e9.                                                                                                                                                                                                                                                                                                                                                                                        1\/5 - (2 votes)        "},{"@context":"https:\/\/schema.org\/","@type":"BreadcrumbList","itemListElement":[{"@type":"ListItem","position":1,"name":"Myslete prakticky","item":"https:\/\/www.sekin.cz\/myslete-prakticky\/#breadcrumbitem"}]}]