[{"@context":"https:\/\/schema.org\/","@type":"Article","@id":"https:\/\/www.sekin.cz\/jaro-leto-podzim-zima-aneb-pece-o-bazen-je-treba\/#Article","mainEntityOfPage":"https:\/\/www.sekin.cz\/jaro-leto-podzim-zima-aneb-pece-o-bazen-je-treba\/","headline":"Jaro, l\u00e9to, podzim, zima aneb p\u00e9\u010de o baz\u00e9n je t\u0159eba!","name":"Jaro, l\u00e9to, podzim, zima aneb p\u00e9\u010de o baz\u00e9n je t\u0159eba!","description":"O baz\u00e9n je zapot\u0159eb\u00ed se starat nejen b\u011bhem l\u00e9ta, kdy je tzv. koupac\u00ed sez\u00f3na. Jestli\u017ee \u00fadr\u017eba o baz\u00e9n je prov\u00e1d\u011bna adekv\u00e1tn\u011b nejen v l\u00e9t\u011b, ale tak\u00e9 je tomu tak na ja\u0159e a na podzim, lze tak n\u00e1le\u017eit\u011b nejen prodlou\u017eit \u017eivotnost baz\u00e9nu. Prost\u0159ednictv\u00edm spr\u00e1vn\u00e9 p\u00e9\u010de bude baz\u00e9n slou\u017eit a plnit svou funkci po mnoho let. Mezi [&hellip;]","datePublished":"2023-05-25","dateModified":"2023-05-25","author":{"@type":"Person","@id":"https:\/\/www.sekin.cz\/author\/devene\/#Person","name":"devene","url":"https:\/\/www.sekin.cz\/author\/devene\/","identifier":1,"image":{"@type":"ImageObject","@id":"https:\/\/secure.gravatar.com\/avatar\/d693d76da4b3c2905ed32515295d3c5b2b37600a891f276917d3d592948bcc60?s=96&d=mm&r=g","url":"https:\/\/secure.gravatar.com\/avatar\/d693d76da4b3c2905ed32515295d3c5b2b37600a891f276917d3d592948bcc60?s=96&d=mm&r=g","height":96,"width":96}},"publisher":{"@type":"Organization","name":"sekin.cz","logo":{"@type":"ImageObject","@id":"\/logo.png","url":"\/logo.png","width":600,"height":60}},"image":{"@type":"ImageObject","@id":"https:\/\/www.sekin.cz\/wp-content\/uploads\/img_a310461_w2142_t1521392155.jpg","url":"https:\/\/www.sekin.cz\/wp-content\/uploads\/img_a310461_w2142_t1521392155.jpg","height":0,"width":0},"url":"https:\/\/www.sekin.cz\/jaro-leto-podzim-zima-aneb-pece-o-bazen-je-treba\/","about":["Zahrada a d\u016fm"],"wordCount":585,"articleBody":"O baz\u00e9n je zapot\u0159eb\u00ed se starat nejen b\u011bhem l\u00e9ta, kdy je tzv. koupac\u00ed sez\u00f3na. Jestli\u017ee \u00fadr\u017eba o baz\u00e9n je prov\u00e1d\u011bna adekv\u00e1tn\u011b nejen v l\u00e9t\u011b, ale tak\u00e9 je tomu tak na ja\u0159e a na podzim, lze tak n\u00e1le\u017eit\u011b nejen prodlou\u017eit \u017eivotnost baz\u00e9nu. Prost\u0159ednictv\u00edm spr\u00e1vn\u00e9 p\u00e9\u010de bude baz\u00e9n slou\u017eit a plnit svou funkci po mnoho let. Mezi z\u00e1kladn\u00ed a nejd\u016fle\u017eit\u011bj\u0161\u00ed n\u00e1le\u017e\u00ed vhodn\u00e1 \u00fadr\u017eba a p\u00e9\u010de o baz\u00e9novou vodu  Ka\u017ed\u00e9 ro\u010dn\u00ed obdob\u00ed ve znamen\u00ed \u00fadr\u017eby Na ja\u0159e je zapot\u0159eb\u00ed zprovozn\u011bn\u00ed baz\u00e9nu, jestli\u017ee do\u0161lo p\u0159ed zimou ke spr\u00e1vn\u00e9mu zazimov\u00e1n\u00ed. V l\u00e9t\u011b je samoz\u0159ejm\u011b p\u00e9\u010de v\u00edce, kdy je pot\u0159ebn\u00e9 pravideln\u00e9 \u010di\u0161t\u011bn\u00ed tak\u0159ka p\u0159i ka\u017edodenn\u00edm koup\u00e1n\u00ed. Ve\u0161kerou p\u00e9\u010di a \u00fadr\u017ebu lze i usnadnit, sta\u010d\u00ed kdy\u017e budou dodr\u017eov\u00e1ny jist\u00e9 z\u00e1sady, jako je nap\u0159\u00edklad osprchov\u00e1n\u00ed p\u0159ed vstupem do baz\u00e9nu, t\u00edm je tak zaru\u010dena eliminace zanesen\u00ed p\u00edsku, \u0161p\u00edny, opalovac\u00edho kr\u00e9mu do baz\u00e9nu, co\u017e m\u00e1 samoz\u0159ejm\u011b rovn\u011b\u017e do zna\u010dn\u00e9 m\u00edry vliv na stav a kvalitu vody.Zima, zima aneb co je d\u016fle\u017eit\u00e9? Z\u00e1sadn\u00ed je, o jak\u00fd druh baz\u00e9nu se jedn\u00e1. Jestli\u017ee se jedn\u00e1 o nadzemn\u00ed baz\u00e9n, nej\u010dast\u011bji jde o nafukovac\u00ed typ baz\u00e9nu, kter\u00fd se po koupac\u00ed sez\u00f3n\u011b slo\u017e\u00ed a uklid\u00ed. V p\u0159\u00edpad\u011b zapu\u0161t\u011bn\u00e9ho baz\u00e9nu do zem\u011b, je zapot\u0159eb\u00ed zazimov\u00e1n\u00ed. Zde je t\u0159eba je\u0161t\u011b rozli\u0161it, jestli\u017ee se jedn\u00e1 o baz\u00e9n celoro\u010dn\u00ed, zast\u0159e\u0161en\u00fd a koup\u00e1n\u00ed je tak re\u00e1ln\u00e9 i v zimn\u00edm obdob\u00ed. Zazimov\u00e1n\u00ed baz\u00e9nu obn\u00e1\u0161\u00ed zazimovat baz\u00e9n i ostatn\u00ed p\u0159\u00edslu\u0161enstv\u00ed, tj. filtry, \u010derpadla apod. D\u016fle\u017eit\u00e9 je v\u0161e prov\u00e1d\u011bt, kdy teplota baz\u00e9nov\u00e9 vody je pod teplotou deseti stup\u0148\u016f. Jde o to, \u017ee pr\u00e1v\u011b d\u00edky ni\u017e\u0161\u00ed teplot\u011b pod deset stup\u0148\u016f se v\u00fdrazn\u011b sni\u017euje proces mno\u017een\u00ed bakteri\u00ed, \u0159as i ostatn\u00edch mikroorganism\u016f. I v p\u0159\u00edpad\u011b zazimov\u00e1n\u00ed je zapot\u0159eb\u00ed m\u00edt vodu v baz\u00e9nu. Je v\u0161ak adekv\u00e1tn\u00ed upustit vodu na minimum. Vodu je zapot\u0159eb\u00ed vypustit z p\u0159\u00edvodn\u00edho filtra\u010dn\u00edho \u010derpadla i z filtra\u010dn\u00edch n\u00e1dob. \u010cerpadla a ostatn\u00ed n\u00e1le\u017eitosti je t\u0159eba uchovat na such\u00e9m m\u00edst\u011b. Jestli\u017ee teplota baz\u00e9nov\u00e9 vody neklesne pod v\u00fd\u0161e uvedenou hranici, m\u011bla by z\u016fstat nainstalovan\u00e1 ve\u0161ker\u00e1 technologie.Jarn\u00ed zprovozn\u011bn\u00ed baz\u00e9nu aneb adekv\u00e1tn\u00ed o\u010dista P\u0159ed samotnou p\u0159\u00edpravou a \u010di\u0161t\u011bn\u00edm baz\u00e9nu, je prioritou pe\u010dliv\u011b uklidit okol\u00ed baz\u00e9nu, kter\u00e9 po zim\u011b vy\u017eaduje tento z\u00e1sah. T\u00edm z\u00e1rove\u0148 i doch\u00e1z\u00ed k prevenci proti zanesen\u00ed \u0161p\u00edny do baz\u00e9nu pr\u00e1v\u011b z jeho okol\u00ed. Baz\u00e9n pot\u00e9 je d\u016fle\u017eit\u00e9 vy\u010distit prost\u0159ednictv\u00edm k tomu ur\u010den\u00fdch p\u0159\u00edpravk\u016f. Av\u0161ak pokud baz\u00e9n na zimu nebyl vypu\u0161t\u011bn, ale byl p\u0159ed zimou zbaven ve\u0161ker\u00fdch ne\u010distot a po celou zimu byl d\u016fkladn\u011b zakryt, pak posta\u010d\u00ed vy\u010distit okol\u00ed baz\u00e9nu a \u010d\u00e1sti baz\u00e9nu nach\u00e1zej\u00edc\u00ed se nad hladinou vody.                                                                                                                                                                                                                                                                                                                                                                                        4.2\/5 - (4 votes)        "},{"@context":"https:\/\/schema.org\/","@type":"BreadcrumbList","itemListElement":[{"@type":"ListItem","position":1,"name":"Jaro, l\u00e9to, podzim, zima aneb p\u00e9\u010de o baz\u00e9n je t\u0159eba!","item":"https:\/\/www.sekin.cz\/jaro-leto-podzim-zima-aneb-pece-o-bazen-je-treba\/#breadcrumbitem"}]}]