[{"@context":"https:\/\/schema.org\/","@type":"Article","@id":"https:\/\/www.sekin.cz\/i-v-kancelari-se-musite-citit-dobre\/#Article","mainEntityOfPage":"https:\/\/www.sekin.cz\/i-v-kancelari-se-musite-citit-dobre\/","headline":"I v kancel\u00e1\u0159i se mus\u00edte c\u00edtit dob\u0159e","name":"I v kancel\u00e1\u0159i se mus\u00edte c\u00edtit dob\u0159e","description":"Va\u0161e kancel\u00e1\u0159 by m\u011bla m\u00edt reprezentativn\u00ed vzhled, ale z\u00e1rove\u0148 si \u017e\u00e1d\u00e1 praktick\u00e9 vybaven\u00ed a pohodl\u00ed pro v\u00e1s. Jednak zde tr\u00e1v\u00edte v\u011bt\u0161inu pracovn\u00edho \u010dasu, tak\u00e9 zde ale budete vy\u0159izovat nejr\u016fzn\u011bj\u0161\u00ed pracovn\u00ed sch\u016fzky a i okoln\u00ed prost\u0159ed\u00ed tak ovlivn\u00ed v\u00e1\u0161 \u00fasp\u011bch. Z r\u016fzn\u00fdch hledisek je tedy nutn\u00e9 po\u0159\u00eddit kvalitn\u00ed vybaven\u00ed s elegantn\u00edm, ale jednoduch\u00fdm vzhledem. Vybaven\u00ed, kter\u00e9 [&hellip;]","datePublished":"2017-05-09","dateModified":"2023-05-25","author":{"@type":"Person","@id":"https:\/\/www.sekin.cz\/author\/devene\/#Person","name":"devene","url":"https:\/\/www.sekin.cz\/author\/devene\/","identifier":1,"image":{"@type":"ImageObject","@id":"https:\/\/secure.gravatar.com\/avatar\/d693d76da4b3c2905ed32515295d3c5b2b37600a891f276917d3d592948bcc60?s=96&d=mm&r=g","url":"https:\/\/secure.gravatar.com\/avatar\/d693d76da4b3c2905ed32515295d3c5b2b37600a891f276917d3d592948bcc60?s=96&d=mm&r=g","height":96,"width":96}},"publisher":{"@type":"Organization","name":"sekin.cz","logo":{"@type":"ImageObject","@id":"\/logo.png","url":"\/logo.png","width":600,"height":60}},"image":{"@type":"ImageObject","@id":"https:\/\/www.sekin.cz\/wp-content\/uploads\/img_a288411_w2262_t1498753039.jpg","url":"https:\/\/www.sekin.cz\/wp-content\/uploads\/img_a288411_w2262_t1498753039.jpg","height":0,"width":0},"url":"https:\/\/www.sekin.cz\/i-v-kancelari-se-musite-citit-dobre\/","about":["N\u00e1kupy"],"wordCount":364,"articleBody":" Va\u0161e kancel\u00e1\u0159 by m\u011bla m\u00edt reprezentativn\u00ed vzhled, ale z\u00e1rove\u0148 si \u017e\u00e1d\u00e1 praktick\u00e9 vybaven\u00ed a pohodl\u00ed pro v\u00e1s. Jednak zde tr\u00e1v\u00edte v\u011bt\u0161inu pracovn\u00edho \u010dasu, tak\u00e9 zde ale budete vy\u0159izovat nejr\u016fzn\u011bj\u0161\u00ed pracovn\u00ed sch\u016fzky a i okoln\u00ed prost\u0159ed\u00ed tak ovlivn\u00ed v\u00e1\u0161 \u00fasp\u011bch. Z r\u016fzn\u00fdch hledisek je tedy nutn\u00e9 po\u0159\u00eddit kvalitn\u00ed vybaven\u00ed s elegantn\u00edm, ale jednoduch\u00fdm vzhledem. Vybaven\u00ed, kter\u00e9 nebude zbyte\u010dn\u011b slo\u017eit\u00e9, ale praktick\u00e9 a poskytne v\u00e1m dostatek pohodl\u00ed pro va\u0161i pr\u00e1ci. P\u0159esn\u011b takov\u00fd je kancel\u00e1\u0159sk\u00fd n\u00e1bytek Altro , sta\u010d\u00ed si vybrat. Elegance a jednoduchost v\u00e1s upout\u00e1 na prvn\u00ed pohled Nejl\u00e9pe ud\u011bl\u00e1te, kdy\u017e si utvo\u0159\u00edte celou sestavu z jednotliv\u00fdch kus\u016f, a \u017ee je z \u010deho vyb\u00edrat. K dispozici m\u00e1te z\u00e1kladn\u00ed kategorie. \u00b7 Stoly a stolov\u00e9 sestavy Vybaveny kovovou konstrukc\u00ed, kter\u00e1 vydr\u017e\u00ed opravdu velkou z\u00e1t\u011b\u017e a deskami o tlou\u0161\u0165ce 25 mm. Samoz\u0159ejmost\u00ed jsou i pr\u016fchodky na kabely, kter\u00e9 tak nebudou ru\u0161it celkov\u00fd dojem a nevzhledn\u011b vykukovat. Stoly lze libovoln\u011b sestavovat a dopl\u0148ovat o praktick\u00e9 kontejnery na ukl\u00e1d\u00e1n\u00ed dokument\u016f. \u00b7 Dopl\u0148ky ke stol\u016fm V\u011bt\u0161inu stol\u016f lze doplnit o parav\u00e1ny, kter\u00e9 opticky p\u0159ed\u011bl\u00ed pracovn\u00ed m\u00edsta. V\u0161echny maj\u00ed textiln\u00ed povrch. \u00b7 Sk\u0159\u00edn\u011b a kontejnery Praktick\u00e9 sk\u0159\u00edn\u011b poslou\u017e\u00ed pro ukl\u00e1d\u00e1n\u00ed nejr\u016fzn\u011bj\u0161\u00edch v\u011bc\u00ed, v\u017edy poskytnou dostatek prostoru. Z\u00e1kladem je op\u011bt b\u00edl\u00fd korpus. Sou\u010d\u00e1st\u00ed jsou pak i uzamykateln\u00e9 dve\u0159e, kter\u00e9 mohou b\u00fdt i sklen\u011bn\u00e9, co\u017e jim dod\u00e1 jistou eleganci. Na prvn\u00ed pohled v\u00e1s upout\u00e1 jednoduch\u00fd, ale funk\u010dn\u00ed design. Barevn\u00fd z\u00e1klad v\u017edy tvo\u0159\u00ed b\u00edl\u00e1 barva, kter\u00e1 je dopln\u011bna o merano. V\u0161e p\u016fsob\u00ed velmi \u010dist\u011b a pozitivn\u011b. V prost\u0159ed\u00ed vybaven\u00edm t\u00edmto kancel\u00e1\u0159sk\u00fdm n\u00e1bytkem se budete c\u00edtit v\u017edy dob\u0159e a uvoln\u011bn\u011b. Vyberte si sv\u00e9 kancel\u00e1\u0159sk\u00e9 vybaven\u00ed je\u0161t\u011b dnes a u\u017e z\u00edtra se m\u016f\u017eete radovat z nov\u00e9 kancel\u00e1\u0159e. V\u0161e m\u00e1me skladem a se z\u00e1rukou 7 let.                                                                                                                                                                                                                                                                                                                                                                                         3.7\/5 - (3 votes)        "},{"@context":"https:\/\/schema.org\/","@type":"BreadcrumbList","itemListElement":[{"@type":"ListItem","position":1,"name":"I v kancel\u00e1\u0159i se mus\u00edte c\u00edtit dob\u0159e","item":"https:\/\/www.sekin.cz\/i-v-kancelari-se-musite-citit-dobre\/#breadcrumbitem"}]}]